{"id":661,"date":"2015-01-13T22:14:03","date_gmt":"2015-01-13T20:14:03","guid":{"rendered":"http:\/\/shirinxanim-shadiman.net\/yenilikler\/?p=661"},"modified":"2015-01-13T22:14:44","modified_gmt":"2015-01-13T20:14:44","slug":"661","status":"publish","type":"post","link":"https:\/\/shirinxanim-shadiman.net\/yenilikler\/?p=661","title":{"rendered":"KALB\u0130MLE G\u00d6R\u00dc\u015eECE\u011e\u0130M"},"content":{"rendered":"<p>KALB\u0130MLE G\u00d6R\u00dc\u015eECE\u011e\u0130M<\/p>\n<p> H\u00fcnerim yetmiyor gecenin<br \/>\n sakinli\u011fini bozuluyorum,<br \/>\n Bu deli duygu p\u0259rak\u0259ndliyind\u0259n yaz\u0131m,<br \/>\n Veya onlar\u0131n yoluna d\u00fc\u015ft\u00fc azim.<br \/>\n Karanl\u0131\u011f\u0131n i\u00e7inden gelen ani sesler<br \/>\n Qula\u011flar\u0131m\u0131 deliyor,<br \/>\n Her taraftan \u00fcst\u00fcme bir h\u0259nirti geliyor.<br \/>\n Me\u011ferse sessizli\u011fin da adam gibi beyni varm\u0131\u015f,<br \/>\n Ona da hayat\u0131n her y\u00fcz\u00fc yarm\u0131\u015f<br \/>\n Uyuyanlar kendi uyku d\u00fcnyas\u0131nda,<br \/>\n Kim bilir neler g\u00f6r\u00fcyor r\u00fcyas\u0131nda<br \/>\n Bense kompleksi t\u00fckenmi\u015f<br \/>\n Kalemimi say\u0131yorum,<br \/>\n \u0130lhama do\u011fan m\u0131sralar\u0131 dokuyorum<br \/>\n Birazdan sabah a\u00e7\u0131lacak,<br \/>\n Karanl\u0131\u011f\u0131n kurdu\u011fu q\u0259sir u\u00e7ulacak<br \/>\n Karanl\u0131k kendi pe\u00e7esini al\u0131p ka\u00e7acak.<br \/>\n \u015eehrin sokaklar\u0131 yine ki\u015fiyle yar\u0131\u015facak,<br \/>\n Y\u00fczlerinde kederi sevince kar\u0131\u015facak,<br \/>\n Bak\u0131\u015flar\u0131 bazen sevi\u015fecek,<br \/>\n Bazen de birbiriyle \u00e7arp\u0131\u015facak.<br \/>\n Gibi haks\u0131z olacak, gibi hakl\u0131,<br \/>\n Hep umuduna ba\u011fl\u0131.<br \/>\n \u0130yi iyilik, k\u00f6t\u00fcl\u00fck k\u00f6t\u00fcl\u00fck edecek,<br \/>\n Bazen insanlar birbirini izleyecek,<br \/>\n Ya da herkes kendi i\u015finin pe\u015finden gidecek,<br \/>\n Yine siyah \u00f6rt\u00fcl\u00fc ak\u015fam gelecek,<br \/>\n Gecem y\u00fcz\u00fcme g\u00fclecek,<br \/>\n Sessizli\u011fin i\u00e7ine d\u00fc\u015fece\u011fim,<br \/>\n Y\u00fcre\u011fimle g\u00f6r\u00fc\u015fece\u011fim<\/p>\n","protected":false},"excerpt":{"rendered":"<p>KALB\u0130MLE G\u00d6R\u00dc\u015eECE\u011e\u0130M H\u00fcnerim yetmiyor gecenin sakinli\u011fini bozuluyorum, Bu deli duygu p\u0259rak\u0259ndliyind\u0259n yaz\u0131m, Veya onlar\u0131n yoluna d\u00fc\u015ft\u00fc azim. Karanl\u0131\u011f\u0131n i\u00e7inden gelen ani sesler&hellip;<\/p>\n","protected":false},"author":1,"featured_media":0,"comment_status":"open","ping_status":"open","sticky":false,"template":"","format":"standard","meta":{"footnotes":""},"categories":[1],"tags":[],"class_list":["post-661","post","type-post","status-publish","format-standard","hentry","category-seirlr"],"_links":{"self":[{"href":"https:\/\/shirinxanim-shadiman.net\/yenilikler\/index.php?rest_route=\/wp\/v2\/posts\/661","targetHints":{"allow":["GET"]}}],"collection":[{"href":"https:\/\/shirinxanim-shadiman.net\/yenilikler\/index.php?rest_route=\/wp\/v2\/posts"}],"about":[{"href":"https:\/\/shirinxanim-shadiman.net\/yenilikler\/index.php?rest_route=\/wp\/v2\/types\/post"}],"author":[{"embeddable":true,"href":"https:\/\/shirinxanim-shadiman.net\/yenilikler\/index.php?rest_route=\/wp\/v2\/users\/1"}],"replies":[{"embeddable":true,"href":"https:\/\/shirinxanim-shadiman.net\/yenilikler\/index.php?rest_route=%2Fwp%2Fv2%2Fcomments&post=661"}],"version-history":[{"count":2,"href":"https:\/\/shirinxanim-shadiman.net\/yenilikler\/index.php?rest_route=\/wp\/v2\/posts\/661\/revisions"}],"predecessor-version":[{"id":663,"href":"https:\/\/shirinxanim-shadiman.net\/yenilikler\/index.php?rest_route=\/wp\/v2\/posts\/661\/revisions\/663"}],"wp:attachment":[{"href":"https:\/\/shirinxanim-shadiman.net\/yenilikler\/index.php?rest_route=%2Fwp%2Fv2%2Fmedia&parent=661"}],"wp:term":[{"taxonomy":"category","embeddable":true,"href":"https:\/\/shirinxanim-shadiman.net\/yenilikler\/index.php?rest_route=%2Fwp%2Fv2%2Fcategories&post=661"},{"taxonomy":"post_tag","embeddable":true,"href":"https:\/\/shirinxanim-shadiman.net\/yenilikler\/index.php?rest_route=%2Fwp%2Fv2%2Ftags&post=661"}],"curies":[{"name":"wp","href":"https:\/\/api.w.org\/{rel}","templated":true}]}}