{"id":444,"date":"2013-10-16T21:22:25","date_gmt":"2013-10-16T18:22:25","guid":{"rendered":"http:\/\/shirinxanim-shadiman.net\/yenilikler\/?p=444"},"modified":"2013-10-16T21:22:25","modified_gmt":"2013-10-16T18:22:25","slug":"niy%c9%99-bel%c9%99-qocalmisan-ay-ana","status":"publish","type":"post","link":"https:\/\/shirinxanim-shadiman.net\/yenilikler\/?p=444","title":{"rendered":"NIY\u018f BEL\u018f QOCALMISAN, AY ANA"},"content":{"rendered":"<p>N\u0130Y\u018f BEL\u018f QOCALMISAN, AY ANA<\/p>\n<p>Vaxt var idi i\u015f\u0259-g\u00fcc\u0259 qa\u00e7ard\u0131n,<br \/>\nG\u00f6y\u0259r\u00e7int\u0259k qanad a\u00e7\u0131b u\u00e7ard\u0131n,<br \/>\nBizi g\u00f6r\u00fcb qollar\u0131n\u0131 a\u00e7ard\u0131n,<br \/>\nK\u00fcnc-bucaqda yurd salm\u0131san, ay ana,<br \/>\nNiy\u0259 bel\u0259 qocalm\u0131san, ay ana?<\/p>\n<p>B\u00fct\u00fcn g\u00fcn\u00fc dola\u015fard\u0131n h\u0259y\u0259td\u0259,<br \/>\n\u0130\u015f-g\u00fcc il\u0259 yolla\u015fard\u0131n h\u0259y\u0259td\u0259,<br \/>\n\u00c7al-\u00e7amura bula\u015fard\u0131n h\u0259y\u0259td\u0259,<br \/>\nH\u0259r\u0259k\u0259td\u0259n n\u0259 qalm\u0131san, ay ana?<br \/>\nNiy\u0259 bel\u0259 qocalm\u0131san, ay ana? <\/p>\n<p>Daha q\u0131vraq g\u00fcl\u00fc\u015fl\u0259rin k\u0259silib,<br \/>\nGedi\u015fl\u0259rin-g\u0259li\u015fl\u0259rin k\u0259silib,<br \/>\nQohumlarla g\u00f6r\u00fc\u015fl\u0259rin k\u0259silib,<br \/>\nU\u015faql\u0131\u011f\u0131 borc alm\u0131san, ay ana,<br \/>\nNiy\u0259 bel\u0259 qocalm\u0131san, ay ana?<\/p>\n<p>K\u00f6rp\u0259 kimi f\u0131rlan\u0131rsan qucaqda,<br \/>\nD\u00fc\u015f\u00fcb-qal\u0131b hay\u0131n-k\u00fcy\u00fcn bucaqda,<br \/>\nQazanlar\u0131n qaynamay\u0131r ocaqda&#8230;<br \/>\n\u00dcr\u0259yim\u0259 od salm\u0131san, ay ana,<br \/>\nNiy\u0259 bel\u0259 qocalm\u0131san, ay ana?<\/p>\n<p>\u00c7ay-\u00e7\u00f6r\u0259yin, y\u0131r-y\u0131\u011f\u0131\u015f\u0131n hardad\u0131?<br \/>\nBi\u015firdiyin x\u00f6r\u0259kl\u0259rin car dad\u0131,<br \/>\nEvimizin istiliyi dardad\u0131&#8230;<br \/>\nBu ocaqdan g\u00fcc alm\u0131san, ay ana,<br \/>\nNiy\u0259 bel\u0259 qocalm\u0131san, ay ana?<\/p>\n<p>Yad q\u0131z\u0131ndan k\u00f6m\u0259k umur g\u00f6zl\u0259rin&#8230;<br \/>\nAyaqlara \u00e7\u0259tin d\u00f6z\u00fcr dizl\u0259rin,<br \/>\nSevincis\u0259n, ist\u0259yis\u0259n bizl\u0259rin,<br \/>\n\u0130st\u0259yind\u0259n \u00f6c alm\u0131san, ay ana,<br \/>\nNiy\u0259 bel\u0259 qocalm\u0131san, ay ana?<\/p>\n<p>Haraylar\u0131n p\u0259nc\u0259r\u0259d\u0259n boylan\u0131r,<br \/>\nBala deyib, h\u0259sr\u0259t il\u0259 oylan\u0131r,<br \/>\nG\u00fcnl\u0259rinin ba\u015f\u0131na ah haylan\u0131r,<br \/>\nHalva t\u0259ki d\u0259rd \u00e7alm\u0131san, ay ana,<br \/>\nNiy\u0259 bel\u0259 qocalm\u0131san, ay ana?<\/p>\n<p>Ba\u015fdan enib qad\u0131nl\u0131\u011f\u0131n \u015fah tac\u0131,<br \/>\nBu durumda s\u0259ni g\u00f6rm\u0259k \u00e7ox ac\u0131,<br \/>\nYaman oldun onun-bunun m\u00f6htac\u0131,<br \/>\nX\u0259yallara n\u0259 dalm\u0131san, ay ana?<br \/>\nNiy\u0259 bel\u0259 qocalm\u0131san, ay ana?<\/p>\n<p>Qocal\u0131\u011f\u0131 lap and\u0131ra qalayd\u0131,<br \/>\nOnun \u00f6z\u00fcn qocal\u0131\u011f\u0131 alayd\u0131,<br \/>\nQap\u0131s\u0131n\u0131 t\u0259rs \u0259liyl\u0259 \u00e7alayd\u0131,<br \/>\nA\u011fr\u0131s\u0131yla ucalm\u0131san, ay ana,<br \/>\nNiy\u0259 bel\u0259 qocalm\u0131san, ay ana? <\/p>\n<p>\u015eadiman\u0131 etdin d\u0259rd\u0259 m\u00fcbt\u0259la,<br \/>\n\u0130tgin d\u00fc\u015fs\u00fcn s\u0259n\u0259 g\u0259l\u0259n o b\u0259la,<br \/>\nD\u00f6zm\u0259k olmur s\u0259n d\u00fc\u015fd\u00fcy\u00fcn bu hala,<br \/>\nAral\u0131qda \u00e7a\u015f qalm\u0131san, ay ana,<br \/>\nNiy\u0259 bel\u0259 qocalm\u0131san, ay ana?<br \/>\nNiy\u0259 bel\u0259 qocalm\u0131san, ay ana?<br \/>\n                      16.10.2011\/\/\\\\\\\t\t\t\t\t\t\t\t\\  <\/p>\n","protected":false},"excerpt":{"rendered":"<p>N\u0130Y\u018f BEL\u018f QOCALMISAN, AY ANA Vaxt var idi i\u015f\u0259-g\u00fcc\u0259 qa\u00e7ard\u0131n, G\u00f6y\u0259r\u00e7int\u0259k qanad a\u00e7\u0131b u\u00e7ard\u0131n, Bizi g\u00f6r\u00fcb qollar\u0131n\u0131 a\u00e7ard\u0131n, K\u00fcnc-bucaqda yurd salm\u0131san, ay&hellip;<\/p>\n","protected":false},"author":1,"featured_media":0,"comment_status":"open","ping_status":"open","sticky":false,"template":"","format":"standard","meta":{"footnotes":""},"categories":[1],"tags":[],"class_list":["post-444","post","type-post","status-publish","format-standard","hentry","category-seirlr"],"_links":{"self":[{"href":"https:\/\/shirinxanim-shadiman.net\/yenilikler\/index.php?rest_route=\/wp\/v2\/posts\/444","targetHints":{"allow":["GET"]}}],"collection":[{"href":"https:\/\/shirinxanim-shadiman.net\/yenilikler\/index.php?rest_route=\/wp\/v2\/posts"}],"about":[{"href":"https:\/\/shirinxanim-shadiman.net\/yenilikler\/index.php?rest_route=\/wp\/v2\/types\/post"}],"author":[{"embeddable":true,"href":"https:\/\/shirinxanim-shadiman.net\/yenilikler\/index.php?rest_route=\/wp\/v2\/users\/1"}],"replies":[{"embeddable":true,"href":"https:\/\/shirinxanim-shadiman.net\/yenilikler\/index.php?rest_route=%2Fwp%2Fv2%2Fcomments&post=444"}],"version-history":[{"count":1,"href":"https:\/\/shirinxanim-shadiman.net\/yenilikler\/index.php?rest_route=\/wp\/v2\/posts\/444\/revisions"}],"predecessor-version":[{"id":445,"href":"https:\/\/shirinxanim-shadiman.net\/yenilikler\/index.php?rest_route=\/wp\/v2\/posts\/444\/revisions\/445"}],"wp:attachment":[{"href":"https:\/\/shirinxanim-shadiman.net\/yenilikler\/index.php?rest_route=%2Fwp%2Fv2%2Fmedia&parent=444"}],"wp:term":[{"taxonomy":"category","embeddable":true,"href":"https:\/\/shirinxanim-shadiman.net\/yenilikler\/index.php?rest_route=%2Fwp%2Fv2%2Fcategories&post=444"},{"taxonomy":"post_tag","embeddable":true,"href":"https:\/\/shirinxanim-shadiman.net\/yenilikler\/index.php?rest_route=%2Fwp%2Fv2%2Ftags&post=444"}],"curies":[{"name":"wp","href":"https:\/\/api.w.org\/{rel}","templated":true}]}}