{"id":3781,"date":"2024-12-14T20:37:33","date_gmt":"2024-12-14T16:37:33","guid":{"rendered":"https:\/\/shirinxanim-shadiman.net\/yenilikler\/?p=3781"},"modified":"2024-12-14T20:37:33","modified_gmt":"2024-12-14T16:37:33","slug":"ruhu-oyadir","status":"publish","type":"post","link":"https:\/\/shirinxanim-shadiman.net\/yenilikler\/?p=3781","title":{"rendered":"RUHU OYADIR"},"content":{"rendered":"\n<div class=\"wp-block-group is-vertical is-layout-flex wp-container-core-group-is-layout-8cf370e7 wp-block-group-is-layout-flex\">\n<p><strong><em>Q\u0259ndab H\u0259bib q\u0131z\u0131 Quliyeva<\/em><\/strong><em>&nbsp;(<\/em><a href=\"https:\/\/az.wikipedia.org\/wiki\/10_avqust\"><em>10 avqust<\/em><\/a><em>&nbsp;<\/em><a href=\"https:\/\/az.wikipedia.org\/wiki\/1949\"><em>1949<\/em><\/a><em>,&nbsp;<\/em><a href=\"https:\/\/az.wikipedia.org\/wiki\/Dila%C4%9Farda\"><em>Dila\u011farda<\/em><\/a><em>,<\/em><\/p>\n\n\n\n<div class=\"wp-block-group is-vertical is-layout-flex wp-container-core-group-is-layout-8cf370e7 wp-block-group-is-layout-flex\">\n<p><a href=\"https:\/\/az.wikipedia.org\/wiki\/F%C3%BCzuli_rayonu\"><em>F\u00fczuli rayonu<\/em><\/a><em>,&nbsp;<\/em><a href=\"https:\/\/az.wikipedia.org\/wiki\/Az%C9%99rbaycan_SSR\"><em>Az\u0259rbaycan SSR<\/em><\/a><em>&nbsp;\u2013&nbsp;<\/em><a href=\"https:\/\/az.wikipedia.org\/wiki\/26_iyun\"><em>26 iyun<\/em><\/a><em>&nbsp;<\/em><a href=\"https:\/\/az.wikipedia.org\/wiki\/2017\"><em>2017<\/em><\/a><em>,&nbsp;<\/em><a href=\"https:\/\/az.wikipedia.org\/wiki\/Bak%C4%B1\"><em>Bak\u0131<\/em><\/a><em>,&nbsp;<\/em><a href=\"https:\/\/az.wikipedia.org\/wiki\/Az%C9%99rbaycan\"><em>Az\u0259rbaycan<\/em><\/a><em>)<\/em><\/p>\n\n\n\n<p><em>\u2014&nbsp;<\/em><a href=\"https:\/\/az.wikipedia.org\/wiki\/M%C3%BC%C4%9F%C9%99nni\"><em>m\u00fc\u011f\u0259nni<\/em><\/a><em>,&nbsp;xan\u0259nd\u0259, <\/em><a href=\"https:\/\/az.wikipedia.org\/wiki\/Aktrisa\"><em>aktrisa<\/em><\/a><em>, mu\u011famlar\u0131m\u0131z\u0131n \u0259v\u0259zsiz ifa\u00e7\u0131s\u0131,<\/em><\/p>\n\n\n\n<p><em>&nbsp;<\/em><a href=\"https:\/\/az.wikipedia.org\/wiki\/Az%C9%99rbaycan_Respublikas%C4%B1n%C4%B1n_xalq_artisti\"><em>Az\u0259rbaycan Respublikas\u0131n\u0131n xalq artisti<\/em><\/a><em>&nbsp;<\/em><strong><em><\/em><\/strong><\/p>\n\n\n\n<p><\/p>\n\n\n\n<p>\u015eirin z\u0259ng\u00fcl\u0259yl\u0259 ruhu oyad\u0131r,<\/p>\n\n\n\n<p>B\u0259mi d\u0259, zili d\u0259 k\u00f6nl\u0259 bal dad\u0131r,<\/p>\n\n\n\n<p>Onsuz mu\u011fam\u0131m\u0131z q\u0259mli haldad\u0131r,<\/p>\n\n\n\n<p>D\u00fcnyadan k\u00f6\u00e7 edib, s\u0259si d\u00fcnyad\u0131r,<\/p>\n\n\n\n<p>Ruhu g\u00fcl qoxuyan Q\u0259ndab xan\u0131ma,<\/p>\n\n\n\n<p>\u00c7atmaz h\u0259r oxuyan Q\u0259ndab xan\u0131ma.<\/p>\n<\/div>\n<\/div>\n\n\n\n<p><\/p>\n\n\n\n<div class=\"wp-block-group is-vertical is-layout-flex wp-container-core-group-is-layout-8cf370e7 wp-block-group-is-layout-flex\">\n<div class=\"wp-block-group is-vertical is-layout-flex wp-container-core-group-is-layout-8cf370e7 wp-block-group-is-layout-flex\">\n<p>Ona m\u0259n mu\u011fam\u0131n anas\u0131 deyim,<\/p>\n\n\n\n<p>Segah\u0131n, Sar\u0259cin sonas\u0131 deyim,<\/p>\n\n\n\n<p>Ruhu yurd yerin\u0259 qonas\u0131 deyim,<\/p>\n\n\n\n<p>Min il bundan sonra yanas\u0131 deyim,<\/p>\n\n\n\n<p>Ruhu g\u00fcl qoxuyan Q\u0259ndab xan\u0131ma,<\/p>\n\n\n\n<p>\u00c7atmaz h\u0259r oxuyan Q\u0259ndab xan\u0131ma.<\/p>\n<\/div>\n\n\n\n<p><\/p>\n\n\n\n<div class=\"wp-block-group is-vertical is-layout-flex wp-container-core-group-is-layout-8cf370e7 wp-block-group-is-layout-flex\">\n<p><\/p>\n\n\n\n<p>Bas\u0131r \u00fcr\u0259kl\u0259r\u0259 od dolu k\u00f6z\u00fc,<\/p>\n\n\n\n<p>Acizdi \u00f6n\u00fcnd\u0259 \u015ferimin s\u00f6z\u00fc,<\/p>\n\n\n\n<p>Avaz\u0131 ox\u015fay\u0131b gec\u0259-g\u00fcnd\u00fcz\u00fc,<\/p>\n\n\n\n<p>S\u0259sin b\u0259x\u015fi\u015f edib \u0130lahi \u00f6z\u00fc,<\/p>\n\n\n\n<p>Ruhu g\u00fcl qoxuyan Q\u0259ndab xan\u0131ma,<\/p>\n\n\n\n<p>\u00c7atmaz h\u0259r oxuyan Q\u0259ndab xan\u0131ma.<\/p>\n\n\n\n<p><\/p>\n\n\n\n<p><\/p>\n\n\n\n<p>T\u00fck\u0259tdi can\u0131n\u0131 v\u0259t\u0259n h\u0259sr\u0259ti,<\/p>\n\n\n\n<p>\u00c7\u00f6kd\u00fc mu\u011famlara yurd hekay\u0259ti,<\/p>\n\n\n\n<p>H\u0259r mu\u011fam \u015f\u00f6b\u0259si R\u0259bbin qay\u0259ti,<\/p>\n\n\n\n<p>B\u0259x\u015f etdi Yaradan \u0259b\u0259diyy\u0259ti,<\/p>\n\n\n\n<p>Ruhu g\u00fcl qoxuyan Q\u0259ndab xan\u0131ma,<\/p>\n\n\n\n<p>\u00c7atmaz h\u0259r oxuyan Q\u0259ndab xan\u0131ma.<\/p>\n\n\n\n<p><\/p>\n\n\n\n<p><\/p>\n\n\n\n<p>O ecazkar n\u0259f\u0259s, haqq\u0131n sehrimi?!<\/p>\n\n\n\n<p>V\u0259fas\u0131z d\u00fcnyaya ana q\u0259hrimi?!<\/p>\n\n\n\n<p>\u015eirin z\u0259ngul\u0259l\u0259r v\u0259fa mehrimi?!<\/p>\n\n\n\n<p>H\u0259m b\u0259mi, h\u0259m zili yerin n\u0259hrimi?<\/p>\n\n\n\n<p>Ruhu g\u00fcl qoxuyan Q\u0259ndab xan\u0131ma,<\/p>\n\n\n\n<p>\u00c7atmaz h\u0259r oxuyan Q\u0259ndab xan\u0131ma.<\/p>\n\n\n\n<p><\/p>\n\n\n\n<p><\/p>\n\n\n\n<p>Oldu operan\u0131n \u015f\u0259fa m\u0259l\u0259yi,<\/p>\n\n\n\n<p>Leylisi, \u018fslisi buldu \u00fcr\u0259yi,<\/p>\n\n\n\n<p>Mu\u011fam \u015f\u00f6b\u0259l\u0259ri s\u00f6nm\u0259z dil\u0259yi,<\/p>\n\n\n\n<p>Zirv\u0259l\u0259r f\u0259th etdi xan\u0259nd\u0259liyi,<\/p>\n\n\n\n<p>Ruhu g\u00fcl qoxuyan Q\u0259ndab xan\u0131ma,<\/p>\n\n\n\n<p>\u00c7atmaz h\u0259r oxuyan Q\u0259ndab xan\u0131ma.<\/p>\n\n\n\n<p><\/p>\n\n\n\n<p><\/p>\n\n\n\n<p>Mu\u011fam sev\u0259nl\u0259ri n\u0259 tez t\u0259rk etdi,<\/p>\n\n\n\n<p>Ayr\u0131l\u0131q q\u0259lbl\u0259rd\u0259 ah\u0131 b\u0259rk etdi,<\/p>\n\n\n\n<p>\u018fb\u0259diyy\u0259t yolun \u00f6l\u00fcm d\u0259rk etdi,<\/p>\n\n\n\n<p>Bin\u0259 m\u0259zarl\u0131\u011f\u0131 nec\u0259 \u0259rk etdi?!<\/p>\n\n\n\n<p>Ruhu g\u00fcl qoxuyan Q\u0259ndab xan\u0131ma,<\/p>\n\n\n\n<p>\u00c7atmaz h\u0259r oxuyan Q\u0259ndab xan\u0131ma.<\/p>\n\n\n\n<p><\/p>\n\n\n\n<p><\/p>\n\n\n\n<p>\u015eadiman, var ed\u0259r s\u00f6z m\u0259dhiyy\u0259ni,<\/p>\n\n\n\n<p>Salmad\u0131n b\u0259ndl\u0259r\u0259 \u00f6z\u00fcn \u00f6y\u0259ni,<\/p>\n\n\n\n<p>Ell\u0259r unutmay\u0131r \u015fair dey\u0259ni,<\/p>\n\n\n\n<p>Yazd\u0131m misra-misra bu h\u0259diyy\u0259ni,<\/p>\n\n\n\n<p>Ruhu g\u00fcl qoxuyan Q\u0259ndab xan\u0131ma,<\/p>\n\n\n\n<p>\u00c7atmaz h\u0259r oxuyan Q\u0259ndab xan\u0131ma.<\/p>\n\n\n\n<p>&nbsp;&nbsp;&nbsp;&nbsp;&nbsp;&nbsp;&nbsp;&nbsp;&nbsp;&nbsp;&nbsp;&nbsp;&nbsp;&nbsp;&nbsp;&nbsp;&nbsp;&nbsp;&nbsp;&nbsp;&nbsp;&nbsp;&nbsp;&nbsp;&nbsp;&nbsp;&nbsp;&nbsp;&nbsp;&nbsp;&nbsp;&nbsp;&nbsp;&nbsp;&nbsp;&nbsp;&nbsp;&nbsp;&nbsp;&nbsp;&nbsp;&nbsp; 06.12.2024<\/p>\n<\/div>\n<\/div>\n","protected":false},"excerpt":{"rendered":"<p>Q\u0259ndab H\u0259bib q\u0131z\u0131 Quliyeva&nbsp;(10 avqust&nbsp;1949,&nbsp;Dila\u011farda, F\u00fczuli rayonu,&nbsp;Az\u0259rbaycan SSR&nbsp;\u2013&nbsp;26 iyun&nbsp;2017,&nbsp;Bak\u0131,&nbsp;Az\u0259rbaycan) \u2014&nbsp;m\u00fc\u011f\u0259nni,&nbsp;xan\u0259nd\u0259, aktrisa, mu\u011famlar\u0131m\u0131z\u0131n \u0259v\u0259zsiz ifa\u00e7\u0131s\u0131, &nbsp;Az\u0259rbaycan Respublikas\u0131n\u0131n xalq artisti&nbsp; \u015eirin z\u0259ng\u00fcl\u0259yl\u0259 ruhu oyad\u0131r,&hellip;<\/p>\n","protected":false},"author":1,"featured_media":0,"comment_status":"closed","ping_status":"closed","sticky":false,"template":"","format":"standard","meta":{"footnotes":""},"categories":[1],"tags":[],"class_list":["post-3781","post","type-post","status-publish","format-standard","hentry","category-seirlr"],"_links":{"self":[{"href":"https:\/\/shirinxanim-shadiman.net\/yenilikler\/index.php?rest_route=\/wp\/v2\/posts\/3781","targetHints":{"allow":["GET"]}}],"collection":[{"href":"https:\/\/shirinxanim-shadiman.net\/yenilikler\/index.php?rest_route=\/wp\/v2\/posts"}],"about":[{"href":"https:\/\/shirinxanim-shadiman.net\/yenilikler\/index.php?rest_route=\/wp\/v2\/types\/post"}],"author":[{"embeddable":true,"href":"https:\/\/shirinxanim-shadiman.net\/yenilikler\/index.php?rest_route=\/wp\/v2\/users\/1"}],"replies":[{"embeddable":true,"href":"https:\/\/shirinxanim-shadiman.net\/yenilikler\/index.php?rest_route=%2Fwp%2Fv2%2Fcomments&post=3781"}],"version-history":[{"count":1,"href":"https:\/\/shirinxanim-shadiman.net\/yenilikler\/index.php?rest_route=\/wp\/v2\/posts\/3781\/revisions"}],"predecessor-version":[{"id":3782,"href":"https:\/\/shirinxanim-shadiman.net\/yenilikler\/index.php?rest_route=\/wp\/v2\/posts\/3781\/revisions\/3782"}],"wp:attachment":[{"href":"https:\/\/shirinxanim-shadiman.net\/yenilikler\/index.php?rest_route=%2Fwp%2Fv2%2Fmedia&parent=3781"}],"wp:term":[{"taxonomy":"category","embeddable":true,"href":"https:\/\/shirinxanim-shadiman.net\/yenilikler\/index.php?rest_route=%2Fwp%2Fv2%2Fcategories&post=3781"},{"taxonomy":"post_tag","embeddable":true,"href":"https:\/\/shirinxanim-shadiman.net\/yenilikler\/index.php?rest_route=%2Fwp%2Fv2%2Ftags&post=3781"}],"curies":[{"name":"wp","href":"https:\/\/api.w.org\/{rel}","templated":true}]}}