{"id":3715,"date":"2024-09-27T22:59:23","date_gmt":"2024-09-27T18:59:23","guid":{"rendered":"https:\/\/shirinxanim-shadiman.net\/yenilikler\/?p=3715"},"modified":"2024-09-27T22:59:23","modified_gmt":"2024-09-27T18:59:23","slug":"27-sentyabr-anim-gunu","status":"publish","type":"post","link":"https:\/\/shirinxanim-shadiman.net\/yenilikler\/?p=3715","title":{"rendered":"27 SENTYABR ANIM G\u00dcN\u00dc"},"content":{"rendered":"\n<p>27 sentyabr 2020-ci il V\u0259t\u0259n m\u00fcharib\u0259mizin ba\u015flanma tarixi v\u0259 M\u00f6ht\u0259\u015f\u0259m Q\u0259l\u0259b\u0259 tariximizdir. Az\u0259rbaycan ordusu noyabr\u0131n 9-d\u0259k 5 \u015f\u0259h\u0259r, 4 q\u0259s\u0259b\u0259 v\u0259 286 k\u0259ndi i\u015f\u011faldan azad etdi. C\u0259bray\u0131l \u015f\u0259h\u0259ri v\u0259 rayonun 90 k\u0259ndi, F\u00fczuli \u015f\u0259h\u0259ri v\u0259 rayonun 53 k\u0259ndi, Z\u0259ngilan \u015f\u0259h\u0259ri, rayonun Mincivan, A\u011fb\u0259nd, Bartaz q\u0259s\u0259b\u0259l\u0259ri v\u0259 52 k\u0259ndi, Xocav\u0259nd rayonunun Hadrut q\u0259s\u0259b\u0259si v\u0259 35 k\u0259ndi, T\u0259rt\u0259r rayonunun 3 k\u0259ndi, Qubadl\u0131 \u015f\u0259h\u0259ri v\u0259 rayonun 41 k\u0259ndi, Xocal\u0131 rayonunun 9 k\u0259ndi, \u015eu\u015fa \u015f\u0259h\u0259ri, La\u00e7\u0131n <a><\/a>rayonunun 3 k\u0259ndi, h\u0259m\u00e7inin A\u011fd\u0259r\u0259 v\u0259 Murovda\u011f istiqam\u0259tl\u0259rind\u0259 bir ne\u00e7\u0259 strateji y\u00fcks\u0259kliyi, Z\u0259ngilanda is\u0259 Bartaz, S\u0131\u011f\u0131rt, \u015e\u00fck\u00fcrataz y\u00fcks\u0259klikl\u0259ri v\u0259 daha 5 ads\u0131z y\u00fcks\u0259klik azad olundu. Noyabr\u0131n 10-da imzalanm\u0131\u015f b\u0259yanata \u0259sas\u0259n, noyabr\u0131n 20-d\u0259 A\u011fdam rayonu Az\u0259rbaycana t\u0259hvil verildi. Bununla da rayonun i\u015f\u011fal edilmi\u015f 73 faiz \u0259razisi, o c\u00fcml\u0259d\u0259n A\u011fdam \u015f\u0259h\u0259ri azad olundu. \u00dc\u00e7t\u0259r\u0259fli b\u0259yanata \u0259sas\u0259n, noyabr\u0131n 25-d\u0259 K\u0259lb\u0259c\u0259r rayonu Az\u0259rbaycana qaytar\u0131ld\u0131. K\u0259lb\u0259c\u0259r \u015f\u0259h\u0259ri d\u0259 daxil olmaqla, 147 ya\u015fay\u0131\u015f m\u0259nt\u0259q\u0259sinin i\u015f\u011fal\u0131na son qoyuldu. Dekabr\u0131n 1-d\u0259 La\u00e7\u0131n rayonu Az\u0259rbaycana t\u0259hvil verildi. N\u0259hay\u0259t, 2022-ci avqustun 26-da La\u00e7\u0131n \u015f\u0259h\u0259ri, Zabux v\u0259 Sus k\u0259ndl\u0259ri n\u0259zar\u0259t\u0259 g\u00f6t\u00fcr\u00fcld\u00fc. Bununla da \u00fc\u00e7t\u0259r\u0259fli b\u0259yanata uy\u011fun olaraq, A\u011fdam, K\u0259lb\u0259c\u0259r v\u0259 La\u00e7\u0131n rayonlar\u0131n\u0131n s\u00fclh yolu il\u0259 qaytar\u0131lmas\u0131 prosesi yekunla\u015fd\u0131. 27 sentyabr m\u00f6ht\u0259\u015f\u0259m q\u0259l\u0259b\u0259mizin ba\u015flama tarixidir. ANIM G\u00dcN\u00dcD\u00dcR! Biz\u0259 bu q\u0259l\u0259b\u0259ni ya\u015fadan \u015e\u018fH\u0130DL\u018fR\u0130M\u0130Z\u0130N ruhu \u015fad olsun, Qazil\u0259rimiz\u0259 can sa\u011fl\u0131\u011f\u0131 dil\u0259yirik! Biz sizl\u0259rin haqq\u0131n\u0131 he\u00e7 zaman \u00f6d\u0259y\u0259 bilm\u0259rik, haqq\u0131n\u0131z\u0131 halal edin!<\/p>\n\n\n\n<p>An\u0131m G\u00fcn\u00fc \u2014 Az\u0259rbaycan Respublikas\u0131nda 2020-ci il sentyabr\u0131n 27-d\u0259n noyabr\u0131n 10-a q\u0259d\u0259r davam ed\u0259n \u0130kinci Qaraba\u011f m\u00fcharib\u0259sind\u0259 h\u0259yat\u0131n\u0131 itir\u0259n \u015f\u0259hidl\u0259rin xatir\u0259sinin an\u0131lmas\u0131. An\u0131m G\u00fcn\u00fc m\u00fcharib\u0259nin ba\u015fland\u0131\u011f\u0131 g\u00fcn sentyabr\u0131n 27-d\u0259 ke\u00e7irilir. H\u0259min g\u00fcn Z\u018fF\u018fR\u018f a\u00e7\u0131lan qap\u0131m\u0131z oldu&#8230;<\/p>\n\n\n\n<p><a href=\"https:\/\/www.facebook.com\/photo\/?fbid=2913870712084201&amp;set=a.456263791178251&amp;__cft__[0]=AZUFpOogdvDYLVWUqq1v6PMkenq5ONMCJl9yAF3BaQdIoe_EVNLHlFyRcyGDet4Ujze_ElcHFO7qG8Kp7-N-PAJ9OFN0PawbDyRi0M_9Yjh7xk2Hn9PyZUUiFB8uqYe-eBdg35OvPFxPH6Cu8AsDFaQHsX6U2U0f2kGk87bKxSs6lg&amp;__tn__=EH-R\"><\/a><\/p>\n\n\n\n<figure class=\"wp-block-image\"><a href=\"https:\/\/www.facebook.com\/photo\/?fbid=2913870712084201&amp;set=a.456263791178251&amp;__cft__[0]=AZUFpOogdvDYLVWUqq1v6PMkenq5ONMCJl9yAF3BaQdIoe_EVNLHlFyRcyGDet4Ujze_ElcHFO7qG8Kp7-N-PAJ9OFN0PawbDyRi0M_9Yjh7xk2Hn9PyZUUiFB8uqYe-eBdg35OvPFxPH6Cu8AsDFaQHsX6U2U0f2kGk87bKxSs6lg&amp;__tn__=EH-R\"><img decoding=\"async\" src=\"https:\/\/scontent.fgyd20-2.fna.fbcdn.net\/v\/t39.30808-6\/461290374_2913870722084200_8590312228699863772_n.jpg?_nc_cat=104&amp;ccb=1-7&amp;_nc_sid=127cfc&amp;_nc_ohc=PhlLhw9mBkgQ7kNvgFBU4-N&amp;_nc_ht=scontent.fgyd20-2.fna&amp;oh=00_AYCKMpIKh2fucIIzRgfJbep3VHEE10h-g962PgJyyBJoaw&amp;oe=66FCDDA6\" alt=\"Bir m\u0259tn \u015f\u0259kili ola bil\u0259r\"\/><\/a><\/figure>\n\n\n\n\n\n\n\n<p><\/p>\n","protected":false},"excerpt":{"rendered":"<p>27 sentyabr 2020-ci il V\u0259t\u0259n m\u00fcharib\u0259mizin ba\u015flanma tarixi v\u0259 M\u00f6ht\u0259\u015f\u0259m Q\u0259l\u0259b\u0259 tariximizdir. Az\u0259rbaycan ordusu noyabr\u0131n 9-d\u0259k 5 \u015f\u0259h\u0259r, 4 q\u0259s\u0259b\u0259 v\u0259 286&hellip;<\/p>\n","protected":false},"author":1,"featured_media":0,"comment_status":"closed","ping_status":"closed","sticky":false,"template":"","format":"standard","meta":{"footnotes":""},"categories":[1],"tags":[],"class_list":["post-3715","post","type-post","status-publish","format-standard","hentry","category-seirlr"],"_links":{"self":[{"href":"https:\/\/shirinxanim-shadiman.net\/yenilikler\/index.php?rest_route=\/wp\/v2\/posts\/3715","targetHints":{"allow":["GET"]}}],"collection":[{"href":"https:\/\/shirinxanim-shadiman.net\/yenilikler\/index.php?rest_route=\/wp\/v2\/posts"}],"about":[{"href":"https:\/\/shirinxanim-shadiman.net\/yenilikler\/index.php?rest_route=\/wp\/v2\/types\/post"}],"author":[{"embeddable":true,"href":"https:\/\/shirinxanim-shadiman.net\/yenilikler\/index.php?rest_route=\/wp\/v2\/users\/1"}],"replies":[{"embeddable":true,"href":"https:\/\/shirinxanim-shadiman.net\/yenilikler\/index.php?rest_route=%2Fwp%2Fv2%2Fcomments&post=3715"}],"version-history":[{"count":1,"href":"https:\/\/shirinxanim-shadiman.net\/yenilikler\/index.php?rest_route=\/wp\/v2\/posts\/3715\/revisions"}],"predecessor-version":[{"id":3716,"href":"https:\/\/shirinxanim-shadiman.net\/yenilikler\/index.php?rest_route=\/wp\/v2\/posts\/3715\/revisions\/3716"}],"wp:attachment":[{"href":"https:\/\/shirinxanim-shadiman.net\/yenilikler\/index.php?rest_route=%2Fwp%2Fv2%2Fmedia&parent=3715"}],"wp:term":[{"taxonomy":"category","embeddable":true,"href":"https:\/\/shirinxanim-shadiman.net\/yenilikler\/index.php?rest_route=%2Fwp%2Fv2%2Fcategories&post=3715"},{"taxonomy":"post_tag","embeddable":true,"href":"https:\/\/shirinxanim-shadiman.net\/yenilikler\/index.php?rest_route=%2Fwp%2Fv2%2Ftags&post=3715"}],"curies":[{"name":"wp","href":"https:\/\/api.w.org\/{rel}","templated":true}]}}