{"id":1571,"date":"2017-02-17T10:44:07","date_gmt":"2017-02-17T14:44:07","guid":{"rendered":"http:\/\/shirinxanim-shadiman.net\/yenilikler\/?p=1571"},"modified":"2017-02-17T10:45:00","modified_gmt":"2017-02-17T14:45:00","slug":"od-tutub-yanir","status":"publish","type":"post","link":"https:\/\/shirinxanim-shadiman.net\/yenilikler\/?p=1571","title":{"rendered":"OD TUTUB YANIR"},"content":{"rendered":"<p><a href=\"https:\/\/shirinxanim-shadiman.net\/yenilikler\/wp-content\/uploads\/12736235_1701405653434354_763100128_n.jpg\"><img loading=\"lazy\" decoding=\"async\" class=\"alignnone size-medium wp-image-1562\" src=\"https:\/\/shirinxanim-shadiman.net\/yenilikler\/wp-content\/uploads\/12736235_1701405653434354_763100128_n-300x225.jpg\" alt=\"\" width=\"300\" height=\"225\" srcset=\"https:\/\/shirinxanim-shadiman.net\/yenilikler\/wp-content\/uploads\/12736235_1701405653434354_763100128_n-300x225.jpg 300w, https:\/\/shirinxanim-shadiman.net\/yenilikler\/wp-content\/uploads\/12736235_1701405653434354_763100128_n.jpg 600w\" sizes=\"auto, (max-width: 300px) 100vw, 300px\" \/><\/a><\/p>\n<p><strong>\u00a0<\/strong><\/p>\n<p>Od tutub yan\u0131r yen\u0259 d\u00fckan, bazar,<br \/>\nM\u0259zlumu soyanlar\u0131 tutsun azar&#8230;<\/p>\n<p>Eyl\u0259yir ahu-f\u0259\u011fan \u00fcr\u0259yimiz,<\/p>\n<p>Yetm\u0259yir m\u0259qs\u0259din\u0259 dil\u0259yimiz.<\/p>\n<p>B\u00fcr\u00fcn\u00fcb \u0259zablara mill\u0259timiz,<\/p>\n<p>Art\u0131r, azalmay\u0131r he\u00e7 zill\u0259timiz.<\/p>\n<p>M\u0259murlar az\u0131b yolu haqq\u0131 dan\u0131r,<\/p>\n<p>Bin\u0259va insan\u0131m\u0131z d\u0259rdl\u0259 yan\u0131r.<\/p>\n<p>Art\u0131r g\u00fcnd\u0259n-g\u00fcn\u0259 xalq\u0131n borcu,<\/p>\n<p>G\u00f6r\u00fcnm\u00fcr bu i\u015fl\u0259rin xeyr\u0259 ucu.<\/p>\n<p>\u00dcmidsiz g\u00f6zl\u0259ri q\u0259sb edir k\u0259d\u0259r,<\/p>\n<p>Gedir \u0259ld\u0259n ilmiz, \u00f6m\u00fcr h\u0259d\u0259r.<\/p>\n<p>Edirik c\u0259hdi sabah yax\u015f\u0131 olar,<\/p>\n<p>M\u00fcst\u0259qillik V\u0259t\u0259nin nax\u015f\u0131 olar.<\/p>\n<p>Amma ki, g\u00fcnl\u0259rimiz z\u0259h\u0259r olub,<\/p>\n<p>G\u00f6z\u00fcm\u00fczd\u0259 bo\u011fulan q\u0259h\u0259r olub.<\/p>\n<p>Kas\u0131b\u0131n \u00fcmidi s\u00f6n\u00fcb sabaha,<\/p>\n<p>Yoldan azm\u0131\u015flara yox \u00e7ar\u0259 daha.<\/p>\n<p>Haram pullar qudurdub \u00f6zl\u0259rini,<\/p>\n<p>B\u00fcr\u00fcy\u00fcbl\u0259r yalana s\u00f6zl\u0259rini.<\/p>\n<p>\u00d6lk\u0259d\u0259n ba\u015f g\u00f6t\u00fcr\u00fcb qa\u00e7anlar\u0131,<\/p>\n<p>Yad \u00f6lk\u0259l\u0259r\u0259 yolu a\u00e7anlar\u0131,<\/p>\n<p>Qalanlar b\u0259xti g\u00fcl\u00fcb deyir h\u0259l\u0259,<\/p>\n<p>V\u0259t\u0259nd\u0259n ged\u0259nl\u0259ri \u00f6y\u00fcr h\u0259l\u0259.<\/p>\n<p>Qaraba\u011f i\u015f\u011fala d\u00fc\u00e7ar olunub,<\/p>\n<p>M\u0259zlumu \u0259zm\u0259y\u0259 a\u00e7ar olunub.<\/p>\n<p>Banklar\u0131n cumma\u011f\u0131 var \u00fcst\u00fcm\u00fcz\u0259,<\/p>\n<p>Durub talan\u00e7\u0131lar\u0131 q\u0259sdimiz\u0259.<\/p>\n<p>Olub intiharlar h\u0259yat amal\u0131,<\/p>\n<p>Acizdir \u015feytana insan kamal\u0131.<\/p>\n<p>\u015eadiman, bu d\u0259rdl\u0259ri \u00e7\u0259k n\u0259zm\u0259,<\/p>\n<p>B\u0259lk\u0259 qulaq ver\u0259n oldu s\u00f6z\u00fcm\u0259.<\/p>\n<p>Zal\u0131m\u0131n bir ad\u0131 var m\u0259rd\u00fcm\u0259zar,<\/p>\n<p>\u018flim dinc durmay\u0131b d\u0259rdl\u0259ri yazar.<br \/>\nOd tutub yan\u0131r yen\u0259 d\u00fckan, bazar,<\/p>\n<p>M\u0259zlumu soyanlar\u0131 tutsun azar&#8230;<\/p>\n<p>17.02.2017<\/p>\n<p>&nbsp;<\/p>\n<p>&nbsp;<\/p>\n<p>&nbsp;<\/p>\n<p>&nbsp;<\/p>\n<p>&nbsp;<\/p>\n<p>&nbsp;<\/p>\n<p>&nbsp;<\/p>\n<p>&nbsp;<\/p>\n<p>&nbsp;<\/p>\n<p>&nbsp;<\/p>\n<p>&nbsp;<\/p>\n<p>&nbsp;<\/p>\n<p>&nbsp;<\/p>\n<p>&nbsp;<\/p>\n<p>&nbsp;<\/p>\n<p>&nbsp;<\/p>\n<p>&nbsp;<\/p>\n<p>Bazar baha, d\u00fckan baha,<\/p>\n<p>Baxan yoxdu nal\u0259, aha,<\/p>\n<p>\u00dcmid qalm\u0131b he\u00e7 sabaha,<\/p>\n<p>\u00dcr\u0259yi oyulan bizik,<\/p>\n<p>Cibl\u0259ri soyulan bizik.<\/p>\n<p>&nbsp;<\/p>\n<p>Haqq tapdan\u0131r, vicdan susur,<\/p>\n<p>\u00c7oxu ac\u0131ndan qan qusur,<\/p>\n<p>O\u011fru, \u0259yri<\/p>\n<p>&nbsp;<\/p>\n<p>&nbsp;<\/p>\n<p>&nbsp;<\/p>\n<p>&nbsp;<\/p>\n","protected":false},"excerpt":{"rendered":"<p>\u00a0 Od tutub yan\u0131r yen\u0259 d\u00fckan, bazar, M\u0259zlumu soyanlar\u0131 tutsun azar&#8230; Eyl\u0259yir ahu-f\u0259\u011fan \u00fcr\u0259yimiz, Yetm\u0259yir m\u0259qs\u0259din\u0259 dil\u0259yimiz. B\u00fcr\u00fcn\u00fcb \u0259zablara mill\u0259timiz, Art\u0131r, azalmay\u0131r&hellip;<\/p>\n","protected":false},"author":1,"featured_media":0,"comment_status":"closed","ping_status":"closed","sticky":false,"template":"","format":"standard","meta":{"footnotes":""},"categories":[1],"tags":[],"class_list":["post-1571","post","type-post","status-publish","format-standard","hentry","category-seirlr"],"_links":{"self":[{"href":"https:\/\/shirinxanim-shadiman.net\/yenilikler\/index.php?rest_route=\/wp\/v2\/posts\/1571","targetHints":{"allow":["GET"]}}],"collection":[{"href":"https:\/\/shirinxanim-shadiman.net\/yenilikler\/index.php?rest_route=\/wp\/v2\/posts"}],"about":[{"href":"https:\/\/shirinxanim-shadiman.net\/yenilikler\/index.php?rest_route=\/wp\/v2\/types\/post"}],"author":[{"embeddable":true,"href":"https:\/\/shirinxanim-shadiman.net\/yenilikler\/index.php?rest_route=\/wp\/v2\/users\/1"}],"replies":[{"embeddable":true,"href":"https:\/\/shirinxanim-shadiman.net\/yenilikler\/index.php?rest_route=%2Fwp%2Fv2%2Fcomments&post=1571"}],"version-history":[{"count":2,"href":"https:\/\/shirinxanim-shadiman.net\/yenilikler\/index.php?rest_route=\/wp\/v2\/posts\/1571\/revisions"}],"predecessor-version":[{"id":1573,"href":"https:\/\/shirinxanim-shadiman.net\/yenilikler\/index.php?rest_route=\/wp\/v2\/posts\/1571\/revisions\/1573"}],"wp:attachment":[{"href":"https:\/\/shirinxanim-shadiman.net\/yenilikler\/index.php?rest_route=%2Fwp%2Fv2%2Fmedia&parent=1571"}],"wp:term":[{"taxonomy":"category","embeddable":true,"href":"https:\/\/shirinxanim-shadiman.net\/yenilikler\/index.php?rest_route=%2Fwp%2Fv2%2Fcategories&post=1571"},{"taxonomy":"post_tag","embeddable":true,"href":"https:\/\/shirinxanim-shadiman.net\/yenilikler\/index.php?rest_route=%2Fwp%2Fv2%2Ftags&post=1571"}],"curies":[{"name":"wp","href":"https:\/\/api.w.org\/{rel}","templated":true}]}}