{"id":1064,"date":"2016-03-10T20:39:43","date_gmt":"2016-03-10T18:39:43","guid":{"rendered":"http:\/\/shirinxanim-shadiman.net\/yenilikler\/?p=1064"},"modified":"2016-03-10T20:42:24","modified_gmt":"2016-03-10T18:42:24","slug":"elcib%c9%99y","status":"publish","type":"post","link":"https:\/\/shirinxanim-shadiman.net\/yenilikler\/?p=1064","title":{"rendered":"El\u00c7\u0130B\u018fY&#8230;"},"content":{"rendered":"<p>EL\u00c7\u0130B\u018fY<\/p>\n<p>V\u0259t\u0259n a\u015fiqi \u018fb\u00fclf\u0259z El\u00e7ib\u0259y\u0259<\/p>\n<p>Candan art\u0131q sevdin yurdu, V\u0259t\u0259ni,<br \/>\nKama \u00e7atd\u0131n istiqlala yet\u0259ni,<br \/>\nF\u0259l\u0259k n\u0259 tez ruhsuz qoydu o t\u0259ni?<br \/>\nH\u0259yat\u0131n\u0131 haqqa verdin, El\u00e7ib\u0259y,<br \/>\nBu torpa\u011fa s\u0259n ki, \u0259rdin, El\u00e7ib\u0259y.<\/p>\n<p>\u00dcr\u0259yind\u0259 v\u0259t\u0259n e\u015fqi gurlad\u0131,<br \/>\nOcaq oldu, at\u0259\u015f oldu qorlad\u0131,<br \/>\nMill\u0259t nec\u0259 unudar o pak ad\u0131?<br \/>\nS\u0259n ki, v\u0259t\u0259n da\u015f\u0131 idin, El\u00e7ib\u0259y.<br \/>\n\u00dcr\u0259yinin ba\u015f\u0131 idin, El\u00e7ib\u0259y.<\/p>\n<p>Kim g\u00f6rm\u0259di f\u0259l\u0259k tarpatap\u0131n\u0131?<br \/>\nVaxts\u0131z \u00f6l\u00fcm n\u0259 tez d\u00f6yd\u00fc qap\u0131n\u0131?<br \/>\nQ\u0131rd\u0131 q\u0259fil \u00f6mr\u00fcn tale sap\u0131n\u0131!&#8230;<br \/>\nBu getm\u0259yin z\u00fcl\u00fcm oldu, El\u00e7ib\u0259y.<br \/>\nBu n\u0259 m\u00fcdhi\u015f \u00f6l\u00fcm oldu, El\u00e7ib\u0259y.<\/p>\n<p>\u0130mperyaya ham\u0131 boyun \u0259y\u0259nd\u0259,<br \/>\nK\u00f6l\u0259liyin \u00f6n\u00fcnd\u0259 q\u0259dd \u0259y\u0259nd\u0259,<br \/>\nBu \u0259zablar \u00fcr\u0259yin\u0259 d\u0259y\u0259nd\u0259,<br \/>\nYand\u0131 k\u00f6ks\u00fcn i\u00e7in-i\u00e7in, El\u00e7ib\u0259y,<br \/>\nF\u0259l\u0259k q\u0131rd\u0131 \u00f6mr\u00fc ne\u00e7in, El\u00e7ib\u0259y?<\/p>\n<p>Bu yurdunu K\u0259b\u0259 bildin q\u0259lbin\u0259,<br \/>\nYurd danan\u0131n v\u00fcqar\u0131 n\u0259, q\u0259lbi n\u0259?<br \/>\nZ\u00fcl\u00fcm bas\u0131b haqq\u0131 \u00e7oxdan q\u0259lbin\u0259,<br \/>\n\u0130\u015f\u011fal altda qald\u0131 V\u0259t\u0259n, El\u00e7ib\u0259y,<br \/>\nBu d\u0259rdl\u0259rd\u0259n \u0259ridi t\u0259n, El\u00e7ib\u0259y.<\/p>\n<p>Bulaq t\u0259ki t\u0259miz idi \u00fcr\u0259yin,<br \/>\nH\u0259m istiqlal, h\u0259m \u0259dal\u0259t dir\u0259yin,<br \/>\nHalall\u0131qla yo\u011frulmu\u015fdu \u00e7\u00f6r\u0259yin,<br \/>\nEy V\u0259t\u0259nin qadir o\u011flu El\u00e7ib\u0259y,<br \/>\nBu torpa\u011f\u0131n nadir o\u011flu El\u00e7ib\u0259y.<\/p>\n<p>El\u0259 t\u0259n\u0259 edib s\u0259ni \u0259ydil\u0259r,<br \/>\nHaqs\u0131z yer\u0259 \u00fcr\u0259yin\u0259 d\u0259ydil\u0259r,<br \/>\nKim \u00e7arp\u0131\u015fd\u0131, kiml\u0259r \u00f6z\u00fcn \u00f6yd\u00fcl\u0259r?<br \/>\nHaqqa can\u0131 f\u0259da etdi El\u00e7ib\u0259y,<br \/>\nO d\u00fcnyada haqqa yetdi El\u00e7ib\u0259y.<\/p>\n<p>S\u00f6z g\u00f6t\u00fcrd\u00fcn yolun \u00fcst\u0259 \u00f6t\u0259nd\u0259n,<br \/>\n\u00dcr\u0259yind\u0259 d\u0259rd\u0259 d\u00f6n\u00fcb bit\u0259nd\u0259n,<br \/>\nS\u0259n nigaran getdin yurddan, V\u0259t\u0259nd\u0259n,<br \/>\n\u0130ndi ruhun \u00f6z\u00fcn \u00fcz\u0259r, El\u00e7ib\u0259y,<br \/>\nBa\u015f\u0131m\u0131z\u0131n \u00fcst\u0259 g\u0259z\u0259r, El\u00e7ib\u0259y.<\/p>\n<p>M\u0259zar\u0131n\u0131 Az\u0259rbaycan qucaqlar,<br \/>\nBu \u00f6l\u00fcm\u0259 i\u00e7in-i\u00e7in hey a\u011flar,<br \/>\n\u00c7\u0259kdi f\u0259l\u0259k da\u011f \u00fcst\u00fcn\u0259 \u00e7ox da\u011flar&#8230;!<br \/>\nTarix oldu ad\u0131n, san\u0131n, El\u00e7ib\u0259y,<br \/>\nQ\u0259lbimizl\u0259 vurar can\u0131n, El\u00e7ib\u0259y.<\/p>\n<p>Bayra\u011f\u0131m\u0131z M\u0259mm\u0259d \u018fmin amac\u0131,<br \/>\nHimnimiz istiqlal\u0131n ba\u015f tac\u0131,<br \/>\nOnlar\u0131 da s\u0259nsiz g\u00f6rm\u0259k \u00e7ox ac\u0131,<br \/>\nT\u0259ki V\u0259t\u0259n \u00f6lm\u0259z olsun, El\u00e7ib\u0259y,<br \/>\nM\u0259zar evin nurla dolsun, El\u00e7ib\u0259y,<br \/>\nM\u0259zar evin nurla dolsun, El\u00e7ib\u0259y.<br \/>\n24.08.2000.<br \/>\n\u015eirin Xan\u0131m K\u0259rimb\u0259yli \u015eadiman<\/p>\n","protected":false},"excerpt":{"rendered":"<p>EL\u00c7\u0130B\u018fY V\u0259t\u0259n a\u015fiqi \u018fb\u00fclf\u0259z El\u00e7ib\u0259y\u0259 Candan art\u0131q sevdin yurdu, V\u0259t\u0259ni, Kama \u00e7atd\u0131n istiqlala yet\u0259ni, F\u0259l\u0259k n\u0259 tez ruhsuz qoydu o t\u0259ni? H\u0259yat\u0131n\u0131&hellip;<\/p>\n","protected":false},"author":1,"featured_media":0,"comment_status":"closed","ping_status":"closed","sticky":false,"template":"","format":"standard","meta":{"footnotes":""},"categories":[1],"tags":[],"class_list":["post-1064","post","type-post","status-publish","format-standard","hentry","category-seirlr"],"_links":{"self":[{"href":"https:\/\/shirinxanim-shadiman.net\/yenilikler\/index.php?rest_route=\/wp\/v2\/posts\/1064","targetHints":{"allow":["GET"]}}],"collection":[{"href":"https:\/\/shirinxanim-shadiman.net\/yenilikler\/index.php?rest_route=\/wp\/v2\/posts"}],"about":[{"href":"https:\/\/shirinxanim-shadiman.net\/yenilikler\/index.php?rest_route=\/wp\/v2\/types\/post"}],"author":[{"embeddable":true,"href":"https:\/\/shirinxanim-shadiman.net\/yenilikler\/index.php?rest_route=\/wp\/v2\/users\/1"}],"replies":[{"embeddable":true,"href":"https:\/\/shirinxanim-shadiman.net\/yenilikler\/index.php?rest_route=%2Fwp%2Fv2%2Fcomments&post=1064"}],"version-history":[{"count":3,"href":"https:\/\/shirinxanim-shadiman.net\/yenilikler\/index.php?rest_route=\/wp\/v2\/posts\/1064\/revisions"}],"predecessor-version":[{"id":1066,"href":"https:\/\/shirinxanim-shadiman.net\/yenilikler\/index.php?rest_route=\/wp\/v2\/posts\/1064\/revisions\/1066"}],"wp:attachment":[{"href":"https:\/\/shirinxanim-shadiman.net\/yenilikler\/index.php?rest_route=%2Fwp%2Fv2%2Fmedia&parent=1064"}],"wp:term":[{"taxonomy":"category","embeddable":true,"href":"https:\/\/shirinxanim-shadiman.net\/yenilikler\/index.php?rest_route=%2Fwp%2Fv2%2Fcategories&post=1064"},{"taxonomy":"post_tag","embeddable":true,"href":"https:\/\/shirinxanim-shadiman.net\/yenilikler\/index.php?rest_route=%2Fwp%2Fv2%2Ftags&post=1064"}],"curies":[{"name":"wp","href":"https:\/\/api.w.org\/{rel}","templated":true}]}}